{"id":4530,"date":"2026-03-17T09:18:06","date_gmt":"2026-03-17T08:18:06","guid":{"rendered":"https:\/\/www.weldergoven.de\/?p=4530"},"modified":"2026-03-17T09:18:07","modified_gmt":"2026-03-17T08:18:07","slug":"rundschreiben-wandertag-2026","status":"publish","type":"post","link":"https:\/\/www.weldergoven.de\/?p=4530","title":{"rendered":"Rundschreiben: Wandertag 2026"},"content":{"rendered":"<h5>Weldergoven und der Siegbogen gehen wandern &#8211; Traditionelle Mai-Wanderung am 1. Mai<\/h5>\n<p><strong><br \/>\nLiebe Weldergovener, liebe Nachbarn im Siegbogen,<\/strong><\/p>\n<p>am <strong>1. Mai<\/strong> m\u00f6chten wir wieder mit Euch wandern. Ihr alle seid herzlich eingeladen!<\/p>\n<ul>\n<li><strong>Start:<\/strong> Um <strong>10:30 Uhr<\/strong> an der Burg Honrath<\/li>\n<li><strong>Ende:<\/strong> Ca. <strong>15:00 Uhr<\/strong><\/li>\n<\/ul>\n<p><span style=\"color: #3366ff;\"><strong>L\u00e4nge der Tour: ca. 12 km mit 210 H\u00f6henmeter<\/strong><\/span><\/p>\n<p>Gegen 12:30 kehren wir im Bauerngut Schiefelbusch ein. Im Vorfeld k\u00f6nnen wir aus einer speziellen Speisekarte w\u00e4hlen.<\/p>\n<p>Die diesj\u00e4hrige Maiwanderung steht unter dem Motto <strong>\u201eEine Burg, ein Schloss, ein Fluss und Bauernh\u00f6fe\u201c<\/strong>.<\/p>\n<p style=\"text-align: center;\"><!--more--><\/p>\n<p>Die Strecke ist leicht zu bew\u00e4ltigen. Festes Schuhwerk mit griffiger Sohle ist aber hilfreich!<br \/>\n<strong>Unser Weg ist nicht f\u00fcr Kinderwagen und Bollerwagen geeignet.<\/strong><\/p>\n<p>Kommt und macht mit bei einem abwechslungsreichen Ausflug ins Gr\u00fcne und vielen netten Unterhaltungen w\u00e4hrend der Wanderung und bei der Einkehr.<\/p>\n<p>Die Wanderung f\u00fchrt uns rund um Honrath. Wir gehen auf befestigten Wegen \u00fcber einen Golfplatz, entlang der Agger und durch Wiesen und W\u00e4lder. An unserem Weg sehen wir u.a. die Burg Honrath und das Schloss Auel. Immer wieder gibt es herrliche Ausblicke in das bergische Land.<\/p>\n<p>Wir bilden Fahrgemeinschaften und fahren zum Parkplatz an der Burg Honrath, Peter-Lemmer-Weg 5a in 53797 Honrath.<\/p>\n<p><strong>Verbindliche Anmeldung bitte bis zum 25. April 2026<\/strong> unter Angabe der Teilnehmerzahl.<br \/>\nBitte teilt auch mit, ob ihr Personen im Auto mitnehmen k\u00f6nnt oder mitgenommen werden m\u00f6chtet.<\/p>\n<p>Anmeldung bei<\/p>\n<ul>\n<li><span style=\"color: #3366ff;\">Ulrich Washausen, Irlenweg 8, Tel. 02242 905490<\/span><\/li>\n<\/ul>\n<p><strong>oder hier im ONLINE-FORMULAR <a href=\"https:\/\/www.weldergoven.de\/?page_id=2019\" target=\"_blank\" rel=\"noopener noreferrer\">Online-Formular Wandertag<\/a><\/strong><\/p>\n<p>Die Angabe eurer Handy-Nummer ist wichtig, um euch bei kurzfristigen \u00c4nderungen oder im Notfall erreichen zu k\u00f6nnen.<\/p>\n<p>Noch Fragen? Dann wendet Euch gerne an den diesj\u00e4hrigen Wanderf\u00fchrer <span style=\"color: #3366ff;\">Ulrich Washausen<\/span>!<\/p>\n<p><strong>Hier ein paar Impressionen von der Vortour:<\/strong><br \/>\n            \n\t\t<div class=\"ngg-gallery-singlepic-image ngg-center\" style=\"max-width: 600px\">\n\t\t\t    \t<a href=\"https:\/\/www.weldergoven.de\/wp-content\/gallery\/wandertag2026\/Bild01.jpg\"\n\t\t     title=\"\"\n             data-src=\"https:\/\/www.weldergoven.de\/wp-content\/gallery\/wandertag2026\/Bild01.jpg\"\n             data-thumbnail=\"https:\/\/www.weldergoven.de\/wp-content\/gallery\/wandertag2026\/thumbs\/thumbs_Bild01.jpg\"\n             data-image-id=\"2033\"\n             data-title=\"Bild01\"\n             data-description=\"\"\n             target='_self'\n             class=\"ngg-fancybox\" rel=\"9682c1fb2d88302ab79fc6a1b880e35f\">\n            <img class=\"ngg-singlepic\"\n             src=\"https:\/\/www.weldergoven.de\/wp-content\/gallery\/wandertag2026\/cache\/Bild01.jpg-nggid042033-ngg0dyn-600x400x100-00f0w010c010r110f110r010t010.jpg\"\n             alt=\"Bild01\"\n             title=\"Bild01\"\n              width=\"600\"               \/>\n    \t<\/a>\n\t\t      <\/div>\n        <br \/>\n            \n\t\t<div class=\"ngg-gallery-singlepic-image ngg-center\" style=\"max-width: 600px\">\n\t\t\t    \t<a href=\"https:\/\/www.weldergoven.de\/wp-content\/gallery\/wandertag2026\/Bild02.jpg\"\n\t\t     title=\"\"\n             data-src=\"https:\/\/www.weldergoven.de\/wp-content\/gallery\/wandertag2026\/Bild02.jpg\"\n             data-thumbnail=\"https:\/\/www.weldergoven.de\/wp-content\/gallery\/wandertag2026\/thumbs\/thumbs_Bild02.jpg\"\n             data-image-id=\"2034\"\n             data-title=\"Bild02\"\n             data-description=\"\"\n             target='_self'\n             class=\"ngg-fancybox\" rel=\"7f9b1c1a75fb6ee03976770ad280c0b8\">\n            <img class=\"ngg-singlepic\"\n             src=\"https:\/\/www.weldergoven.de\/wp-content\/gallery\/wandertag2026\/cache\/Bild02.jpg-nggid042034-ngg0dyn-600x400x100-00f0w010c010r110f110r010t010.jpg\"\n             alt=\"Bild02\"\n             title=\"Bild02\"\n              width=\"600\"               \/>\n    \t<\/a>\n\t\t      <\/div>\n        <br \/>\n            \n\t\t<div class=\"ngg-gallery-singlepic-image ngg-center\" style=\"max-width: 600px\">\n\t\t\t    \t<a href=\"https:\/\/www.weldergoven.de\/wp-content\/gallery\/wandertag2026\/Bild03.jpg\"\n\t\t     title=\"\"\n             data-src=\"https:\/\/www.weldergoven.de\/wp-content\/gallery\/wandertag2026\/Bild03.jpg\"\n             data-thumbnail=\"https:\/\/www.weldergoven.de\/wp-content\/gallery\/wandertag2026\/thumbs\/thumbs_Bild03.jpg\"\n             data-image-id=\"2035\"\n             data-title=\"Bild03\"\n             data-description=\"\"\n             target='_self'\n             class=\"ngg-fancybox\" rel=\"3bc0a0d10d67e4e75bff8f5e1c1e4228\">\n            <img class=\"ngg-singlepic\"\n             src=\"https:\/\/www.weldergoven.de\/wp-content\/gallery\/wandertag2026\/cache\/Bild03.jpg-nggid042035-ngg0dyn-600x400x100-00f0w010c010r110f110r010t010.jpg\"\n             alt=\"Bild03\"\n             title=\"Bild03\"\n              width=\"600\"               \/>\n    \t<\/a>\n\t\t      <\/div>\n        <br \/>\n            \n\t\t<div class=\"ngg-gallery-singlepic-image ngg-center\" style=\"max-width: 600px\">\n\t\t\t    \t<a href=\"https:\/\/www.weldergoven.de\/wp-content\/gallery\/wandertag2026\/Bild04.jpg\"\n\t\t     title=\"\"\n             data-src=\"https:\/\/www.weldergoven.de\/wp-content\/gallery\/wandertag2026\/Bild04.jpg\"\n             data-thumbnail=\"https:\/\/www.weldergoven.de\/wp-content\/gallery\/wandertag2026\/thumbs\/thumbs_Bild04.jpg\"\n             data-image-id=\"2036\"\n             data-title=\"Bild04\"\n             data-description=\"\"\n             target='_self'\n             class=\"ngg-fancybox\" rel=\"97fb76fce2aa1a14c204c155830c896a\">\n            <img class=\"ngg-singlepic\"\n             src=\"https:\/\/www.weldergoven.de\/wp-content\/gallery\/wandertag2026\/cache\/Bild04.jpg-nggid042036-ngg0dyn-600x400x100-00f0w010c010r110f110r010t010.jpg\"\n             alt=\"Bild04\"\n             title=\"Bild04\"\n              width=\"600\"               \/>\n    \t<\/a>\n\t\t      <\/div>\n        <\/p>\n<h6 style=\"text-align: center;\">Impressionen von der Vortour<\/h6>\n","protected":false},"excerpt":{"rendered":"<p>Weldergoven und der Siegbogen gehen wandern &#8211; Traditionelle Mai-Wanderung am 1. Mai Liebe Weldergovener, liebe Nachbarn im Siegbogen, am 1. Mai m\u00f6chten wir wieder mit Euch wandern. Ihr alle seid <a class=\"more-link\" href=\"https:\/\/www.weldergoven.de\/?p=4530\">Continue Reading &amp;amp;amp;amp;amp;rarr;<\/a><\/p>\n","protected":false},"author":6,"featured_media":0,"comment_status":"closed","ping_status":"open","sticky":false,"template":"","format":"standard","meta":{"ngg_post_thumbnail":0,"footnotes":""},"categories":[4],"tags":[10],"class_list":["post-4530","post","type-post","status-publish","format-standard","hentry","category-ankuendigungen","tag-wandertag"],"_links":{"self":[{"href":"https:\/\/www.weldergoven.de\/index.php?rest_route=\/wp\/v2\/posts\/4530","targetHints":{"allow":["GET"]}}],"collection":[{"href":"https:\/\/www.weldergoven.de\/index.php?rest_route=\/wp\/v2\/posts"}],"about":[{"href":"https:\/\/www.weldergoven.de\/index.php?rest_route=\/wp\/v2\/types\/post"}],"author":[{"embeddable":true,"href":"https:\/\/www.weldergoven.de\/index.php?rest_route=\/wp\/v2\/users\/6"}],"replies":[{"embeddable":true,"href":"https:\/\/www.weldergoven.de\/index.php?rest_route=%2Fwp%2Fv2%2Fcomments&post=4530"}],"version-history":[{"count":4,"href":"https:\/\/www.weldergoven.de\/index.php?rest_route=\/wp\/v2\/posts\/4530\/revisions"}],"predecessor-version":[{"id":4539,"href":"https:\/\/www.weldergoven.de\/index.php?rest_route=\/wp\/v2\/posts\/4530\/revisions\/4539"}],"wp:attachment":[{"href":"https:\/\/www.weldergoven.de\/index.php?rest_route=%2Fwp%2Fv2%2Fmedia&parent=4530"}],"wp:term":[{"taxonomy":"category","embeddable":true,"href":"https:\/\/www.weldergoven.de\/index.php?rest_route=%2Fwp%2Fv2%2Fcategories&post=4530"},{"taxonomy":"post_tag","embeddable":true,"href":"https:\/\/www.weldergoven.de\/index.php?rest_route=%2Fwp%2Fv2%2Ftags&post=4530"}],"curies":[{"name":"wp","href":"https:\/\/api.w.org\/{rel}","templated":true}]}}