{"id":2998,"date":"2015-02-08T17:42:39","date_gmt":"2015-02-08T16:42:39","guid":{"rendered":"http:\/\/www.weldergoven.de\/?p=2998"},"modified":"2015-02-08T17:42:39","modified_gmt":"2015-02-08T16:42:39","slug":"scheunenaktionen-2015","status":"publish","type":"post","link":"https:\/\/www.weldergoven.de\/?p=2998","title":{"rendered":"Scheunenaktionen 2015"},"content":{"rendered":"<p style=\"text-align: left;\">Liebe Weldergovener,<\/p>\n<p style=\"text-align: left;\">auch in diesem Jahr haben wir wieder 6 Termine zur Pflege der Au\u00dfenanlage rund um unsere Dorfscheune geplant.<\/p>\n<p style=\"text-align: center;\">            \n\t\t<div class=\"ngg-gallery-singlepic-image ngg-center\" style=\"max-width: 525px\">\n\t\t\t    \t<a href=\"https:\/\/www.weldergoven.de\/wp-content\/gallery\/diverses\/scheunenaktion2015.jpg\"\n\t\t     title=\"\"\n             data-src=\"https:\/\/www.weldergoven.de\/wp-content\/gallery\/diverses\/scheunenaktion2015.jpg\"\n             data-thumbnail=\"https:\/\/www.weldergoven.de\/wp-content\/gallery\/diverses\/thumbs\/thumbs_scheunenaktion2015.jpg\"\n             data-image-id=\"1593\"\n             data-title=\"scheunenaktion2015\"\n             data-description=\"\"\n             target='_self'\n             class=\"ngg-fancybox\" rel=\"b8e451b69a14fcebb2fa70010034e5a3\">\n            <img class=\"ngg-singlepic\"\n             src=\"https:\/\/www.weldergoven.de\/wp-content\/gallery\/diverses\/cache\/scheunenaktion2015.jpg-nggid041593-ngg0dyn-525x756x100-00f0w010c010r110f110r010t010.jpg\"\n             alt=\"scheunenaktion2015\"\n             title=\"scheunenaktion2015\"\n              width=\"525\"               \/>\n    \t<\/a>\n\t\t      <\/div>\n        <\/p>\n<p>Wir freuen uns, wenn zu den Terminen m\u00f6glichst viele flei\u00dfige Helfer zur Scheune kommen.<\/p>\n<p><strong><em><span style=\"color: #3366ff;\">Mit herzlichen Gr\u00fc\u00dfen Ihre IGW<\/span><\/em><\/strong><\/p>\n","protected":false},"excerpt":{"rendered":"<p>Liebe Weldergovener, auch in diesem Jahr haben wir wieder 6 Termine zur Pflege der Au\u00dfenanlage rund um unsere Dorfscheune geplant. Wir freuen uns, wenn zu den Terminen m\u00f6glichst viele flei\u00dfige <a class=\"more-link\" href=\"https:\/\/www.weldergoven.de\/?p=2998\">Continue Reading &amp;amp;amp;amp;amp;rarr;<\/a><\/p>\n","protected":false},"author":6,"featured_media":0,"comment_status":"closed","ping_status":"closed","sticky":false,"template":"","format":"standard","meta":{"ngg_post_thumbnail":0,"footnotes":""},"categories":[4],"tags":[37],"class_list":["post-2998","post","type-post","status-publish","format-standard","hentry","category-ankuendigungen","tag-scheune"],"_links":{"self":[{"href":"https:\/\/www.weldergoven.de\/index.php?rest_route=\/wp\/v2\/posts\/2998","targetHints":{"allow":["GET"]}}],"collection":[{"href":"https:\/\/www.weldergoven.de\/index.php?rest_route=\/wp\/v2\/posts"}],"about":[{"href":"https:\/\/www.weldergoven.de\/index.php?rest_route=\/wp\/v2\/types\/post"}],"author":[{"embeddable":true,"href":"https:\/\/www.weldergoven.de\/index.php?rest_route=\/wp\/v2\/users\/6"}],"replies":[{"embeddable":true,"href":"https:\/\/www.weldergoven.de\/index.php?rest_route=%2Fwp%2Fv2%2Fcomments&post=2998"}],"version-history":[{"count":7,"href":"https:\/\/www.weldergoven.de\/index.php?rest_route=\/wp\/v2\/posts\/2998\/revisions"}],"predecessor-version":[{"id":3005,"href":"https:\/\/www.weldergoven.de\/index.php?rest_route=\/wp\/v2\/posts\/2998\/revisions\/3005"}],"wp:attachment":[{"href":"https:\/\/www.weldergoven.de\/index.php?rest_route=%2Fwp%2Fv2%2Fmedia&parent=2998"}],"wp:term":[{"taxonomy":"category","embeddable":true,"href":"https:\/\/www.weldergoven.de\/index.php?rest_route=%2Fwp%2Fv2%2Fcategories&post=2998"},{"taxonomy":"post_tag","embeddable":true,"href":"https:\/\/www.weldergoven.de\/index.php?rest_route=%2Fwp%2Fv2%2Ftags&post=2998"}],"curies":[{"name":"wp","href":"https:\/\/api.w.org\/{rel}","templated":true}]}}