{"id":2878,"date":"2014-08-01T16:35:37","date_gmt":"2014-08-01T15:35:37","guid":{"rendered":"http:\/\/www.weldergoven.de\/?p=2878"},"modified":"2014-08-01T16:35:37","modified_gmt":"2014-08-01T15:35:37","slug":"rundschreiben-scheunenfest-2014","status":"publish","type":"post","link":"https:\/\/www.weldergoven.de\/?p=2878","title":{"rendered":"Rundschreiben: Scheunenfest 2014"},"content":{"rendered":"<p style=\"text-align: left;\">Liebe Weldergovener, Freunde und Nachbarn,<\/p>\n<p style=\"text-align: left;\">die Interessengemeinschaft Weldergoven, das Organisationsteam und die rund 100 HelferInnen laden Sie herzlich zum Besuch unseres traditionellen Scheunenfest ein:<\/p>\n<p style=\"text-align: center;\"><strong>Samstag, den 30. August\tab 17 Uhr<\/strong><\/p>\n<p style=\"text-align: center;\"><strong>Sonntag, den 31. August \tab 11 Uhr bis 20 Uhr<\/strong><\/p>\n<p style=\"text-align: left;\"><span style=\"text-decoration: underline;\"><strong style=\"color: #0000ff;\">ACHTUNG:<\/strong><\/span><\/p>\n<p style=\"text-align: left;\"><strong style=\"color: #0000ff;\">&#8222;Viele H\u00e4nde &#8211; ein schnelles Ende&#8220; &#8211; viele Helfer sind daher immer willkommen &#8211; daher komm&#8216; auch DU zu unseren Auf-und Abbauaktionen. Es werden Helfer f\u00fcr Auf- und Abbau ben\u00f6tigt am:<br \/>\nFreitag, ab 17:00 Uhr<br \/>\nSamstag, ab 10:00 Uhr<br \/>\nSonntag, ab 20:00 Uhr<br \/>\nMontag, ab 10:00 Uhr<br \/>\n<\/strong><\/p>\n<p><!--more--><\/p>\n<p>Kommen Sie mit Ihrer ganzen Familie \u2013 ob gro\u00df ob klein &#8211; und bringen Sie Ihre Freunde, Bekannte und auch die Nachbarn mit.  Beim Scheunenfest trifft sich jedes Jahr ganz Weldergoven, die Alteingesessenen, die Zugezogenen, die ganz Neuen \u2013 und die Ehemaligen. Nat\u00fcrlich sind  auch die neuen Nachbarn aus dem Siegbogen ganz herzlich eingeladen!<br \/>\nBei hoffentlich sch\u00f6nem Wetter erwartet Sie gutes Essen, Bier, Cocktails und ein umfangreiches Programm f\u00fcr Alt und Jung, Gro\u00df und Klein (siehe unten).<br \/>\nAb Freitag 17 Uhr bis Sonntag 21 Uhr ist der Stra\u00dfenbereich um die Scheune wieder f\u00fcr den Stra\u00dfenverkehr gesperrt (Siegstra\u00dfe ab der Kreuzung Siegstra\u00dfe-Bodenstra\u00dfe bis zur Einm\u00fcndung Grafenbungert, Stra\u00dfe Zum Br\u00fcnnchen).<br \/>\nWir bitten dringend alle Anwohner, die \u00fcbrigen Fahrbahnen (insbesondere die Busstrecke) durchweg freizuhalten. Es werden ab Donnerstag teilweise Halteverbotsschilder aufgestellt. Die Stadt Hennef wird die Einhaltung verst\u00e4rkt kontrollieren. F\u00fcr Ihr Verst\u00e4ndnis bedanken wir uns.<br \/>\n<strong>Bitte um Kuchenspende:<\/strong> Wir brauchen so viele Kuchen wie m\u00f6glich f\u00fcr den Sonntag. Wenn Sie das Scheunenfest unterst\u00fctzen wollen, bringen Sie bitte Ihren Kuchen am Sonntag, 30. August, ab 11 Uhr direkt zur Scheune.  Bitte f\u00fcllen Sie den entsprechenden Abschnitt des Rundschreibens aus und geben ihn bei Edith Uwira, Im Hohlweg 21, oder Sabine Schmitz, Kreuzstr. 8, bis Dienstag, den 26. August ab.<br \/>\n<strong>Anmeldung direkt via ONLINE-FORMULAR hier:  <a href=\"https:\/\/www.weldergoven.de\/?page_id=2159\" target=\"_blank\">Online-Formular Kuchenspende<\/a><\/strong><\/p>\n<p>Herzlichen Dank!<\/p>\n<p style=\"text-align: left;\">Mit herzlichen Gr\u00fc\u00dfen Ihre IGW<\/p>\n<h5 style=\"text-align: center;\">Programm\u00fcbersicht<\/h5>\n<p style=\"text-align: center;\"><img loading=\"lazy\" decoding=\"async\" class=\"aligncenter\" src=\"https:\/\/www.weldergoven.de\/wp-content\/gallery\/diverses\/scheunenfestgalerie.jpg\" alt=\"\" width=\"160\" height=\"128\" \/><\/p>\n<p><strong>an beiden Tagen: Bierpilz, Grill, Slush-Eis, Getr\u00e4nke, Losverkauf Tombola<\/strong><\/p>\n<p><strong>Samstag, 30. August  2014<\/strong><\/p>\n<table border=\"0\">\n<tbody>\n<tr>\n<td style=\"width: 150px; padding-left: 1em;\" align=\"left\" valign=\"top\"><strong>17:00 Uhr<\/strong><\/td>\n<td style=\"width: 450px; padding-left: 1em;\" align=\"left\" valign=\"top\"><strong>Beginn Scheunenfest<\/strong><\/td>\n<\/tr>\n<tr>\n<td style=\"width: 150px; padding-left: 1em;\" align=\"left\" valign=\"top\">17:00 \u2013 19:00 Uhr<\/td>\n<td style=\"width: 450px; padding-left: 1em;\" align=\"left\" valign=\"top\">Kinderunterhaltung<\/td>\n<\/tr>\n<tr>\n<td style=\"width: 150px; padding-left: 1em;\" align=\"left\" valign=\"top\"><strong>19:00 Uhr<\/strong><\/td>\n<td style=\"width: 450px; padding-left: 1em;\" align=\"left\" valign=\"top\"><strong>Offizielle Begr\u00fc\u00dfung mit Fassanstich<\/strong><\/td>\n<\/tr>\n<tr>\n<td style=\"width: 150px; padding-left: 1em;\" align=\"left\" valign=\"top\">ab 19:00 Uhr<\/td>\n<td style=\"width: 450px; padding-left: 1em;\" align=\"left\" valign=\"top\">Cocktailbar<\/td>\n<\/tr>\n<tr>\n<td style=\"width: 150px; padding-left: 1em;\" align=\"left\" valign=\"top\">ab 21:00 Uhr<\/td>\n<td style=\"width: 450px; padding-left: 1em;\" align=\"left\" valign=\"top\">Musik mit DJ Uli<\/td>\n<\/tr>\n<tr>\n<td style=\"width: 150px; padding-left: 1em;\" align=\"left\" valign=\"top\"><\/td>\n<td style=\"width: 450px; padding-left: 1em;\" align=\"left\" valign=\"top\"><\/td>\n<\/tr>\n<tr>\n<td style=\"width: 150px; padding-left: 1em;\" align=\"left\" valign=\"top\"><\/td>\n<td style=\"width: 450px; padding-left: 1em;\" align=\"left\" valign=\"top\"><\/td>\n<\/tr>\n<\/tbody>\n<\/table>\n<p><strong>Sonntag,  31. August  2014<\/strong><\/p>\n<table border=\"0\">\n<tbody>\n<tr>\n<td style=\"width: 150px; padding-left: 1em;\" align=\"left\" valign=\"top\"><strong>ab 11.00 Uhr<\/strong><\/td>\n<td style=\"width: 450px; padding-left: 1em;\" align=\"left\" valign=\"top\"><strong>Fr\u00fchschoppen<\/strong><\/td>\n<\/tr>\n<tr>\n<td style=\"width: 150px; padding-left: 1em;\" align=\"left\" valign=\"top\">12:00 &#8211; 16:00 Uhr<\/td>\n<td style=\"width: 450px; padding-left: 1em;\" align=\"left\" valign=\"top\">Planwagenfahrt durch Weldergoven<\/td>\n<\/tr>\n<tr>\n<td style=\"width: 150px; padding-left: 1em;\" align=\"left\" valign=\"top\">12:30 &#8211; 14:00 Uhr<\/td>\n<td style=\"width: 450px; padding-left: 1em;\" align=\"left\" valign=\"top\"><strong><a title=\"Mehr Infos zur Phase 3\" href=\"http:\/\/www.phase3-koeln.de\/\" target=\"_blank\">Livemusik mit Phase 3 &#8211; \u201eK\u00f6lsch f\u00fcr die Ohren\u201c<\/a><\/strong><\/td>\n<\/tr>\n<tr>\n<td style=\"width: 150px; padding-left: 1em;\" align=\"left\" valign=\"top\">ab 14:00 Uhr<\/td>\n<td style=\"width: 450px; padding-left: 1em;\" align=\"left\" valign=\"top\">diverse Kinderaktionen: H\u00fcpfburg, Gl\u00fccksrad u.a<\/td>\n<\/tr>\n<tr>\n<td style=\"width: 150px; padding-left: 1em;\" align=\"left\" valign=\"top\">ab 14:00 Uhr<\/td>\n<td style=\"width: 450px; padding-left: 1em;\" align=\"left\" valign=\"top\">Kaffee und Kuchen, Waffeln<\/td>\n<\/tr>\n<tr>\n<td style=\"width: 150px; padding-left: 1em;\" align=\"left\" valign=\"top\">15:00 Uhr<\/td>\n<td style=\"width: 450px; padding-left: 1em;\" align=\"left\" valign=\"top\">Zauberer<\/td>\n<\/tr>\n<tr>\n<td style=\"width: 150px; padding-left: 1em;\" align=\"left\" valign=\"top\">ab 15:00 Uhr<\/td>\n<td style=\"width: 450px; padding-left: 1em;\" align=\"left\" valign=\"top\">Kinderschminken<\/td>\n<\/tr>\n<tr>\n<td style=\"width: 150px; padding-left: 1em;\" align=\"left\" valign=\"top\">16:00 Uhr<\/td>\n<td style=\"width: 450px; padding-left: 1em;\" align=\"left\" valign=\"top\">Singen der Kindergartenkinder der KiTa Wirbelwind<\/td>\n<\/tr>\n<tr>\n<td style=\"width: 150px; padding-left: 1em;\" align=\"left\" valign=\"top\">16:30 Uhr<\/td>\n<td style=\"width: 450px; padding-left: 1em;\" align=\"left\" valign=\"top\">Luftballonwettbewerb<\/td>\n<\/tr>\n<tr>\n<td style=\"width: 150px; padding-left: 1em;\" align=\"left\" valign=\"top\"><strong>18:00 Uhr<\/strong><\/td>\n<td style=\"width: 450px; padding-left: 1em;\" align=\"left\" valign=\"top\"><strong>Gro\u00dfe Verlosung  (Tombola)<\/strong><\/td>\n<\/tr>\n<tr>\n<td style=\"width: 150px; padding-left: 1em;\" align=\"left\" valign=\"top\"><strong>ca. 20.00 Uhr<\/strong><\/td>\n<td style=\"width: 450px; padding-left: 1em;\" align=\"left\" valign=\"top\"><strong>Ende und Abbau (bitte zahlreich helfen !!!)<\/strong><\/td>\n<\/tr>\n<tr>\n<td style=\"width: 150px; padding-left: 1em;\" align=\"left\" valign=\"top\"><\/td>\n<td style=\"width: 450px; padding-left: 1em;\" align=\"left\" valign=\"top\"><\/td>\n<\/tr>\n<tr>\n<td style=\"width: 150px; padding-left: 1em;\" align=\"left\" valign=\"top\"><\/td>\n<td style=\"width: 450px; padding-left: 1em;\" align=\"left\" valign=\"top\"><\/td>\n<\/tr>\n<\/tbody>\n<\/table>\n<p><span class=\"pdfdoc\"><a title=\"Rundbrief zum Scheunenfest 2014 - als PDF ansehen\" href=\"https:\/\/www.weldergoven.de\/wp-content\/uploads\/PDFs\/RundbriefScheunenfest2014.pdf\" rel=\"width:900,height:750\"  target=\"_blank\" class=\"wmp\" id=\"wmp1\">Rundbrief zum Scheunenfest 2014 &#8211; als PDF ansehen<\/a><\/span><\/p>\n","protected":false},"excerpt":{"rendered":"<p>Liebe Weldergovener, Freunde und Nachbarn, die Interessengemeinschaft Weldergoven, das Organisationsteam und die rund 100 HelferInnen laden Sie herzlich zum Besuch unseres traditionellen Scheunenfest ein: Samstag, den 30. August ab 17 <a class=\"more-link\" href=\"https:\/\/www.weldergoven.de\/?p=2878\">Continue Reading &amp;amp;amp;amp;amp;rarr;<\/a><\/p>\n","protected":false},"author":6,"featured_media":0,"comment_status":"closed","ping_status":"closed","sticky":false,"template":"","format":"standard","meta":{"ngg_post_thumbnail":0,"footnotes":""},"categories":[4],"tags":[28],"class_list":["post-2878","post","type-post","status-publish","format-standard","hentry","category-ankuendigungen","tag-scheunenfest"],"_links":{"self":[{"href":"https:\/\/www.weldergoven.de\/index.php?rest_route=\/wp\/v2\/posts\/2878","targetHints":{"allow":["GET"]}}],"collection":[{"href":"https:\/\/www.weldergoven.de\/index.php?rest_route=\/wp\/v2\/posts"}],"about":[{"href":"https:\/\/www.weldergoven.de\/index.php?rest_route=\/wp\/v2\/types\/post"}],"author":[{"embeddable":true,"href":"https:\/\/www.weldergoven.de\/index.php?rest_route=\/wp\/v2\/users\/6"}],"replies":[{"embeddable":true,"href":"https:\/\/www.weldergoven.de\/index.php?rest_route=%2Fwp%2Fv2%2Fcomments&post=2878"}],"version-history":[{"count":11,"href":"https:\/\/www.weldergoven.de\/index.php?rest_route=\/wp\/v2\/posts\/2878\/revisions"}],"predecessor-version":[{"id":2889,"href":"https:\/\/www.weldergoven.de\/index.php?rest_route=\/wp\/v2\/posts\/2878\/revisions\/2889"}],"wp:attachment":[{"href":"https:\/\/www.weldergoven.de\/index.php?rest_route=%2Fwp%2Fv2%2Fmedia&parent=2878"}],"wp:term":[{"taxonomy":"category","embeddable":true,"href":"https:\/\/www.weldergoven.de\/index.php?rest_route=%2Fwp%2Fv2%2Fcategories&post=2878"},{"taxonomy":"post_tag","embeddable":true,"href":"https:\/\/www.weldergoven.de\/index.php?rest_route=%2Fwp%2Fv2%2Ftags&post=2878"}],"curies":[{"name":"wp","href":"https:\/\/api.w.org\/{rel}","templated":true}]}}