{"id":2064,"date":"2012-05-06T11:02:39","date_gmt":"2012-05-06T10:02:39","guid":{"rendered":"http:\/\/www.weldergoven.de\/?p=2064"},"modified":"2012-05-06T11:54:45","modified_gmt":"2012-05-06T10:54:45","slug":"wandertag-2012","status":"publish","type":"post","link":"https:\/\/www.weldergoven.de\/?p=2064","title":{"rendered":"Wandertag 2012"},"content":{"rendered":"<h5><strong>Tourbeschreibung<\/strong><\/h5>\n<p>Die diesj\u00e4hrige Tour f\u00fchrte uns \u00fcber eine Teilstrecke des neuen Natursteig Sieg von Merten \u00fcber Blankenberg und dann zur\u00fcck nach Weldergoven.<\/p>\n<ol>\n<li>mit der S-Bahn nach Merten<\/li>\n<li>durch das Krabachtal nach S\u00fcchterscheid<\/li>\n<li>\u00fcber Niederbierth und Lescheid<\/li>\n<li>durch das Ahrenbachtal nach Blankenberg\/Stein<\/li>\n<li>zum Abschlu\u00df durch die Siegauen zur\u00fcck nach Weldergoven<\/li>\n<\/ol>\n<p><!--more--><\/p>\n<h5>Bilder<\/h5>\n<!-- default-view.php -->\n<div\n\tclass=\"ngg-galleryoverview default-view  ngg-ajax-pagination-none\"\n\tid=\"ngg-gallery-964d1d2e7555a6b54d9b50ae53fce6ef-1\">\n\n\t\t<!-- Thumbnails -->\n\t\t\t\t<div id=\"ngg-image-0\" class=\"ngg-gallery-thumbnail-box \" >\n\t\t\t\t        <div class=\"ngg-gallery-thumbnail\">\n            <a href=\"https:\/\/www.weldergoven.de\/wp-content\/gallery\/wandertag2012\/019.jpg\"\n               title=\"\"\n               data-src=\"https:\/\/www.weldergoven.de\/wp-content\/gallery\/wandertag2012\/019.jpg\"\n               data-thumbnail=\"https:\/\/www.weldergoven.de\/wp-content\/gallery\/wandertag2012\/thumbs\/thumbs_019.jpg\"\n               data-image-id=\"851\"\n               data-title=\"019\"\n               data-description=\"\"\n               data-image-slug=\"019\"\n               class=\"ngg-fancybox\" rel=\"964d1d2e7555a6b54d9b50ae53fce6ef\">\n                <img\n                    title=\"019\"\n                    alt=\"019\"\n                    src=\"https:\/\/www.weldergoven.de\/wp-content\/gallery\/wandertag2012\/thumbs\/thumbs_019.jpg\"\n                    width=\"100\"\n                    height=\"75\"\n                    style=\"max-width:100%;\"\n                \/>\n            <\/a>\n        <\/div>\n\t\t\t\t\t\t\t<\/div> \n\t\t\t\n\t\t\t\t<div id=\"ngg-image-1\" class=\"ngg-gallery-thumbnail-box \" >\n\t\t\t\t        <div class=\"ngg-gallery-thumbnail\">\n            <a href=\"https:\/\/www.weldergoven.de\/wp-content\/gallery\/wandertag2012\/023.jpg\"\n               title=\"\"\n               data-src=\"https:\/\/www.weldergoven.de\/wp-content\/gallery\/wandertag2012\/023.jpg\"\n               data-thumbnail=\"https:\/\/www.weldergoven.de\/wp-content\/gallery\/wandertag2012\/thumbs\/thumbs_023.jpg\"\n               data-image-id=\"852\"\n               data-title=\"023\"\n               data-description=\"\"\n               data-image-slug=\"023-1\"\n               class=\"ngg-fancybox\" rel=\"964d1d2e7555a6b54d9b50ae53fce6ef\">\n                <img\n                    title=\"023\"\n                    alt=\"023\"\n                    src=\"https:\/\/www.weldergoven.de\/wp-content\/gallery\/wandertag2012\/thumbs\/thumbs_023.jpg\"\n                    width=\"100\"\n                    height=\"75\"\n                    style=\"max-width:100%;\"\n                \/>\n            <\/a>\n        <\/div>\n\t\t\t\t\t\t\t<\/div> \n\t\t\t\n\t\t\t\t<div id=\"ngg-image-2\" class=\"ngg-gallery-thumbnail-box \" >\n\t\t\t\t        <div class=\"ngg-gallery-thumbnail\">\n            <a href=\"https:\/\/www.weldergoven.de\/wp-content\/gallery\/wandertag2012\/029.jpg\"\n               title=\"\"\n               data-src=\"https:\/\/www.weldergoven.de\/wp-content\/gallery\/wandertag2012\/029.jpg\"\n               data-thumbnail=\"https:\/\/www.weldergoven.de\/wp-content\/gallery\/wandertag2012\/thumbs\/thumbs_029.jpg\"\n               data-image-id=\"853\"\n               data-title=\"029\"\n               data-description=\"\"\n               data-image-slug=\"029-1\"\n               class=\"ngg-fancybox\" rel=\"964d1d2e7555a6b54d9b50ae53fce6ef\">\n                <img\n                    title=\"029\"\n                    alt=\"029\"\n                    src=\"https:\/\/www.weldergoven.de\/wp-content\/gallery\/wandertag2012\/thumbs\/thumbs_029.jpg\"\n                    width=\"100\"\n                    height=\"75\"\n                    style=\"max-width:100%;\"\n                \/>\n            <\/a>\n        <\/div>\n\t\t\t\t\t\t\t<\/div> \n\t\t\t\n\t\t\t\t<div id=\"ngg-image-3\" class=\"ngg-gallery-thumbnail-box \" >\n\t\t\t\t        <div class=\"ngg-gallery-thumbnail\">\n            <a href=\"https:\/\/www.weldergoven.de\/wp-content\/gallery\/wandertag2012\/031.jpg\"\n               title=\"\"\n               data-src=\"https:\/\/www.weldergoven.de\/wp-content\/gallery\/wandertag2012\/031.jpg\"\n               data-thumbnail=\"https:\/\/www.weldergoven.de\/wp-content\/gallery\/wandertag2012\/thumbs\/thumbs_031.jpg\"\n               data-image-id=\"854\"\n               data-title=\"031\"\n               data-description=\"\"\n               data-image-slug=\"031-1\"\n               class=\"ngg-fancybox\" rel=\"964d1d2e7555a6b54d9b50ae53fce6ef\">\n                <img\n                    title=\"031\"\n                    alt=\"031\"\n                    src=\"https:\/\/www.weldergoven.de\/wp-content\/gallery\/wandertag2012\/thumbs\/thumbs_031.jpg\"\n                    width=\"100\"\n                    height=\"75\"\n                    style=\"max-width:100%;\"\n                \/>\n            <\/a>\n        <\/div>\n\t\t\t\t\t\t\t<\/div> \n\t\t\t\n\t\t\t\t<div id=\"ngg-image-4\" class=\"ngg-gallery-thumbnail-box \" >\n\t\t\t\t        <div class=\"ngg-gallery-thumbnail\">\n            <a href=\"https:\/\/www.weldergoven.de\/wp-content\/gallery\/wandertag2012\/038.jpg\"\n               title=\"\"\n               data-src=\"https:\/\/www.weldergoven.de\/wp-content\/gallery\/wandertag2012\/038.jpg\"\n               data-thumbnail=\"https:\/\/www.weldergoven.de\/wp-content\/gallery\/wandertag2012\/thumbs\/thumbs_038.jpg\"\n               data-image-id=\"855\"\n               data-title=\"038\"\n               data-description=\"\"\n               data-image-slug=\"038-1\"\n               class=\"ngg-fancybox\" rel=\"964d1d2e7555a6b54d9b50ae53fce6ef\">\n                <img\n                    title=\"038\"\n                    alt=\"038\"\n                    src=\"https:\/\/www.weldergoven.de\/wp-content\/gallery\/wandertag2012\/thumbs\/thumbs_038.jpg\"\n                    width=\"100\"\n                    height=\"75\"\n                    style=\"max-width:100%;\"\n                \/>\n            <\/a>\n        <\/div>\n\t\t\t\t\t\t\t<\/div> \n\t\t\t\n\t\t\t\t<div id=\"ngg-image-5\" class=\"ngg-gallery-thumbnail-box \" >\n\t\t\t\t        <div class=\"ngg-gallery-thumbnail\">\n            <a href=\"https:\/\/www.weldergoven.de\/wp-content\/gallery\/wandertag2012\/042.jpg\"\n               title=\"\"\n               data-src=\"https:\/\/www.weldergoven.de\/wp-content\/gallery\/wandertag2012\/042.jpg\"\n               data-thumbnail=\"https:\/\/www.weldergoven.de\/wp-content\/gallery\/wandertag2012\/thumbs\/thumbs_042.jpg\"\n               data-image-id=\"856\"\n               data-title=\"042\"\n               data-description=\"\"\n               data-image-slug=\"042\"\n               class=\"ngg-fancybox\" rel=\"964d1d2e7555a6b54d9b50ae53fce6ef\">\n                <img\n                    title=\"042\"\n                    alt=\"042\"\n                    src=\"https:\/\/www.weldergoven.de\/wp-content\/gallery\/wandertag2012\/thumbs\/thumbs_042.jpg\"\n                    width=\"100\"\n                    height=\"75\"\n                    style=\"max-width:100%;\"\n                \/>\n            <\/a>\n        <\/div>\n\t\t\t\t\t\t\t<\/div> \n\t\t\t\n\t\t\t\t<div id=\"ngg-image-6\" class=\"ngg-gallery-thumbnail-box \" >\n\t\t\t\t        <div class=\"ngg-gallery-thumbnail\">\n            <a href=\"https:\/\/www.weldergoven.de\/wp-content\/gallery\/wandertag2012\/046.jpg\"\n               title=\"\"\n               data-src=\"https:\/\/www.weldergoven.de\/wp-content\/gallery\/wandertag2012\/046.jpg\"\n               data-thumbnail=\"https:\/\/www.weldergoven.de\/wp-content\/gallery\/wandertag2012\/thumbs\/thumbs_046.jpg\"\n               data-image-id=\"857\"\n               data-title=\"046\"\n               data-description=\"\"\n               data-image-slug=\"046\"\n               class=\"ngg-fancybox\" rel=\"964d1d2e7555a6b54d9b50ae53fce6ef\">\n                <img\n                    title=\"046\"\n                    alt=\"046\"\n                    src=\"https:\/\/www.weldergoven.de\/wp-content\/gallery\/wandertag2012\/thumbs\/thumbs_046.jpg\"\n                    width=\"100\"\n                    height=\"75\"\n                    style=\"max-width:100%;\"\n                \/>\n            <\/a>\n        <\/div>\n\t\t\t\t\t\t\t<\/div> \n\t\t\t\n\t\t\t\t<div id=\"ngg-image-7\" class=\"ngg-gallery-thumbnail-box \" >\n\t\t\t\t        <div class=\"ngg-gallery-thumbnail\">\n            <a href=\"https:\/\/www.weldergoven.de\/wp-content\/gallery\/wandertag2012\/050.jpg\"\n               title=\"\"\n               data-src=\"https:\/\/www.weldergoven.de\/wp-content\/gallery\/wandertag2012\/050.jpg\"\n               data-thumbnail=\"https:\/\/www.weldergoven.de\/wp-content\/gallery\/wandertag2012\/thumbs\/thumbs_050.jpg\"\n               data-image-id=\"858\"\n               data-title=\"050\"\n               data-description=\"\"\n               data-image-slug=\"050\"\n               class=\"ngg-fancybox\" rel=\"964d1d2e7555a6b54d9b50ae53fce6ef\">\n                <img\n                    title=\"050\"\n                    alt=\"050\"\n                    src=\"https:\/\/www.weldergoven.de\/wp-content\/gallery\/wandertag2012\/thumbs\/thumbs_050.jpg\"\n                    width=\"100\"\n                    height=\"75\"\n                    style=\"max-width:100%;\"\n                \/>\n            <\/a>\n        <\/div>\n\t\t\t\t\t\t\t<\/div> \n\t\t\t\n\t\t\t\t<div id=\"ngg-image-8\" class=\"ngg-gallery-thumbnail-box \" >\n\t\t\t\t        <div class=\"ngg-gallery-thumbnail\">\n            <a href=\"https:\/\/www.weldergoven.de\/wp-content\/gallery\/wandertag2012\/051.jpg\"\n               title=\"\"\n               data-src=\"https:\/\/www.weldergoven.de\/wp-content\/gallery\/wandertag2012\/051.jpg\"\n               data-thumbnail=\"https:\/\/www.weldergoven.de\/wp-content\/gallery\/wandertag2012\/thumbs\/thumbs_051.jpg\"\n               data-image-id=\"859\"\n               data-title=\"051\"\n               data-description=\"\"\n               data-image-slug=\"051\"\n               class=\"ngg-fancybox\" rel=\"964d1d2e7555a6b54d9b50ae53fce6ef\">\n                <img\n                    title=\"051\"\n                    alt=\"051\"\n                    src=\"https:\/\/www.weldergoven.de\/wp-content\/gallery\/wandertag2012\/thumbs\/thumbs_051.jpg\"\n                    width=\"100\"\n                    height=\"75\"\n                    style=\"max-width:100%;\"\n                \/>\n            <\/a>\n        <\/div>\n\t\t\t\t\t\t\t<\/div> \n\t\t\t\n\t\t\t\t<div id=\"ngg-image-9\" class=\"ngg-gallery-thumbnail-box \" >\n\t\t\t\t        <div class=\"ngg-gallery-thumbnail\">\n            <a href=\"https:\/\/www.weldergoven.de\/wp-content\/gallery\/wandertag2012\/054.jpg\"\n               title=\"\"\n               data-src=\"https:\/\/www.weldergoven.de\/wp-content\/gallery\/wandertag2012\/054.jpg\"\n               data-thumbnail=\"https:\/\/www.weldergoven.de\/wp-content\/gallery\/wandertag2012\/thumbs\/thumbs_054.jpg\"\n               data-image-id=\"860\"\n               data-title=\"054\"\n               data-description=\"\"\n               data-image-slug=\"054-2\"\n               class=\"ngg-fancybox\" rel=\"964d1d2e7555a6b54d9b50ae53fce6ef\">\n                <img\n                    title=\"054\"\n                    alt=\"054\"\n                    src=\"https:\/\/www.weldergoven.de\/wp-content\/gallery\/wandertag2012\/thumbs\/thumbs_054.jpg\"\n                    width=\"100\"\n                    height=\"75\"\n                    style=\"max-width:100%;\"\n                \/>\n            <\/a>\n        <\/div>\n\t\t\t\t\t\t\t<\/div> \n\t\t\t\n\t\t\t\t<div id=\"ngg-image-10\" class=\"ngg-gallery-thumbnail-box \" >\n\t\t\t\t        <div class=\"ngg-gallery-thumbnail\">\n            <a href=\"https:\/\/www.weldergoven.de\/wp-content\/gallery\/wandertag2012\/059.jpg\"\n               title=\"\"\n               data-src=\"https:\/\/www.weldergoven.de\/wp-content\/gallery\/wandertag2012\/059.jpg\"\n               data-thumbnail=\"https:\/\/www.weldergoven.de\/wp-content\/gallery\/wandertag2012\/thumbs\/thumbs_059.jpg\"\n               data-image-id=\"861\"\n               data-title=\"059\"\n               data-description=\"\"\n               data-image-slug=\"059-2\"\n               class=\"ngg-fancybox\" rel=\"964d1d2e7555a6b54d9b50ae53fce6ef\">\n                <img\n                    title=\"059\"\n                    alt=\"059\"\n                    src=\"https:\/\/www.weldergoven.de\/wp-content\/gallery\/wandertag2012\/thumbs\/thumbs_059.jpg\"\n                    width=\"100\"\n                    height=\"75\"\n                    style=\"max-width:100%;\"\n                \/>\n            <\/a>\n        <\/div>\n\t\t\t\t\t\t\t<\/div> \n\t\t\t\n\t\t\t\t<div id=\"ngg-image-11\" class=\"ngg-gallery-thumbnail-box \" >\n\t\t\t\t        <div class=\"ngg-gallery-thumbnail\">\n            <a href=\"https:\/\/www.weldergoven.de\/wp-content\/gallery\/wandertag2012\/063.jpg\"\n               title=\"\"\n               data-src=\"https:\/\/www.weldergoven.de\/wp-content\/gallery\/wandertag2012\/063.jpg\"\n               data-thumbnail=\"https:\/\/www.weldergoven.de\/wp-content\/gallery\/wandertag2012\/thumbs\/thumbs_063.jpg\"\n               data-image-id=\"862\"\n               data-title=\"063\"\n               data-description=\"\"\n               data-image-slug=\"063\"\n               class=\"ngg-fancybox\" rel=\"964d1d2e7555a6b54d9b50ae53fce6ef\">\n                <img\n                    title=\"063\"\n                    alt=\"063\"\n                    src=\"https:\/\/www.weldergoven.de\/wp-content\/gallery\/wandertag2012\/thumbs\/thumbs_063.jpg\"\n                    width=\"100\"\n                    height=\"75\"\n                    style=\"max-width:100%;\"\n                \/>\n            <\/a>\n        <\/div>\n\t\t\t\t\t\t\t<\/div> \n\t\t\t\n\t\t\t\t<div id=\"ngg-image-12\" class=\"ngg-gallery-thumbnail-box \" >\n\t\t\t\t        <div class=\"ngg-gallery-thumbnail\">\n            <a href=\"https:\/\/www.weldergoven.de\/wp-content\/gallery\/wandertag2012\/067.jpg\"\n               title=\"\"\n               data-src=\"https:\/\/www.weldergoven.de\/wp-content\/gallery\/wandertag2012\/067.jpg\"\n               data-thumbnail=\"https:\/\/www.weldergoven.de\/wp-content\/gallery\/wandertag2012\/thumbs\/thumbs_067.jpg\"\n               data-image-id=\"863\"\n               data-title=\"067\"\n               data-description=\"\"\n               data-image-slug=\"067\"\n               class=\"ngg-fancybox\" rel=\"964d1d2e7555a6b54d9b50ae53fce6ef\">\n                <img\n                    title=\"067\"\n                    alt=\"067\"\n                    src=\"https:\/\/www.weldergoven.de\/wp-content\/gallery\/wandertag2012\/thumbs\/thumbs_067.jpg\"\n                    width=\"100\"\n                    height=\"75\"\n                    style=\"max-width:100%;\"\n                \/>\n            <\/a>\n        <\/div>\n\t\t\t\t\t\t\t<\/div> \n\t\t\t\n\t\t\t\t<div id=\"ngg-image-13\" class=\"ngg-gallery-thumbnail-box \" >\n\t\t\t\t        <div class=\"ngg-gallery-thumbnail\">\n            <a href=\"https:\/\/www.weldergoven.de\/wp-content\/gallery\/wandertag2012\/069.jpg\"\n               title=\"\"\n               data-src=\"https:\/\/www.weldergoven.de\/wp-content\/gallery\/wandertag2012\/069.jpg\"\n               data-thumbnail=\"https:\/\/www.weldergoven.de\/wp-content\/gallery\/wandertag2012\/thumbs\/thumbs_069.jpg\"\n               data-image-id=\"864\"\n               data-title=\"069\"\n               data-description=\"\"\n               data-image-slug=\"069\"\n               class=\"ngg-fancybox\" rel=\"964d1d2e7555a6b54d9b50ae53fce6ef\">\n                <img\n                    title=\"069\"\n                    alt=\"069\"\n                    src=\"https:\/\/www.weldergoven.de\/wp-content\/gallery\/wandertag2012\/thumbs\/thumbs_069.jpg\"\n                    width=\"100\"\n                    height=\"75\"\n                    style=\"max-width:100%;\"\n                \/>\n            <\/a>\n        <\/div>\n\t\t\t\t\t\t\t<\/div> \n\t\t\t\n\t\t\t\t<div id=\"ngg-image-14\" class=\"ngg-gallery-thumbnail-box \" >\n\t\t\t\t        <div class=\"ngg-gallery-thumbnail\">\n            <a href=\"https:\/\/www.weldergoven.de\/wp-content\/gallery\/wandertag2012\/072.jpg\"\n               title=\"\"\n               data-src=\"https:\/\/www.weldergoven.de\/wp-content\/gallery\/wandertag2012\/072.jpg\"\n               data-thumbnail=\"https:\/\/www.weldergoven.de\/wp-content\/gallery\/wandertag2012\/thumbs\/thumbs_072.jpg\"\n               data-image-id=\"865\"\n               data-title=\"072\"\n               data-description=\"\"\n               data-image-slug=\"072-3\"\n               class=\"ngg-fancybox\" rel=\"964d1d2e7555a6b54d9b50ae53fce6ef\">\n                <img\n                    title=\"072\"\n                    alt=\"072\"\n                    src=\"https:\/\/www.weldergoven.de\/wp-content\/gallery\/wandertag2012\/thumbs\/thumbs_072.jpg\"\n                    width=\"100\"\n                    height=\"75\"\n                    style=\"max-width:100%;\"\n                \/>\n            <\/a>\n        <\/div>\n\t\t\t\t\t\t\t<\/div> \n\t\t\t\n\t\t\t\t<div id=\"ngg-image-15\" class=\"ngg-gallery-thumbnail-box \" >\n\t\t\t\t        <div class=\"ngg-gallery-thumbnail\">\n            <a href=\"https:\/\/www.weldergoven.de\/wp-content\/gallery\/wandertag2012\/078.jpg\"\n               title=\"\"\n               data-src=\"https:\/\/www.weldergoven.de\/wp-content\/gallery\/wandertag2012\/078.jpg\"\n               data-thumbnail=\"https:\/\/www.weldergoven.de\/wp-content\/gallery\/wandertag2012\/thumbs\/thumbs_078.jpg\"\n               data-image-id=\"866\"\n               data-title=\"078\"\n               data-description=\"\"\n               data-image-slug=\"078\"\n               class=\"ngg-fancybox\" rel=\"964d1d2e7555a6b54d9b50ae53fce6ef\">\n                <img\n                    title=\"078\"\n                    alt=\"078\"\n                    src=\"https:\/\/www.weldergoven.de\/wp-content\/gallery\/wandertag2012\/thumbs\/thumbs_078.jpg\"\n                    width=\"100\"\n                    height=\"75\"\n                    style=\"max-width:100%;\"\n                \/>\n            <\/a>\n        <\/div>\n\t\t\t\t\t\t\t<\/div> \n\t\t\t\n\t\t\t\t<div id=\"ngg-image-16\" class=\"ngg-gallery-thumbnail-box \" >\n\t\t\t\t        <div class=\"ngg-gallery-thumbnail\">\n            <a href=\"https:\/\/www.weldergoven.de\/wp-content\/gallery\/wandertag2012\/087.jpg\"\n               title=\"\"\n               data-src=\"https:\/\/www.weldergoven.de\/wp-content\/gallery\/wandertag2012\/087.jpg\"\n               data-thumbnail=\"https:\/\/www.weldergoven.de\/wp-content\/gallery\/wandertag2012\/thumbs\/thumbs_087.jpg\"\n               data-image-id=\"867\"\n               data-title=\"087\"\n               data-description=\"\"\n               data-image-slug=\"087\"\n               class=\"ngg-fancybox\" rel=\"964d1d2e7555a6b54d9b50ae53fce6ef\">\n                <img\n                    title=\"087\"\n                    alt=\"087\"\n                    src=\"https:\/\/www.weldergoven.de\/wp-content\/gallery\/wandertag2012\/thumbs\/thumbs_087.jpg\"\n                    width=\"100\"\n                    height=\"75\"\n                    style=\"max-width:100%;\"\n                \/>\n            <\/a>\n        <\/div>\n\t\t\t\t\t\t\t<\/div> \n\t\t\t\n\t\t\t\t<div id=\"ngg-image-17\" class=\"ngg-gallery-thumbnail-box \" >\n\t\t\t\t        <div class=\"ngg-gallery-thumbnail\">\n            <a href=\"https:\/\/www.weldergoven.de\/wp-content\/gallery\/wandertag2012\/095.jpg\"\n               title=\"\"\n               data-src=\"https:\/\/www.weldergoven.de\/wp-content\/gallery\/wandertag2012\/095.jpg\"\n               data-thumbnail=\"https:\/\/www.weldergoven.de\/wp-content\/gallery\/wandertag2012\/thumbs\/thumbs_095.jpg\"\n               data-image-id=\"868\"\n               data-title=\"095\"\n               data-description=\"\"\n               data-image-slug=\"095-1\"\n               class=\"ngg-fancybox\" rel=\"964d1d2e7555a6b54d9b50ae53fce6ef\">\n                <img\n                    title=\"095\"\n                    alt=\"095\"\n                    src=\"https:\/\/www.weldergoven.de\/wp-content\/gallery\/wandertag2012\/thumbs\/thumbs_095.jpg\"\n                    width=\"100\"\n                    height=\"75\"\n                    style=\"max-width:100%;\"\n                \/>\n            <\/a>\n        <\/div>\n\t\t\t\t\t\t\t<\/div> \n\t\t\t\n\t\t\t\t<div id=\"ngg-image-18\" class=\"ngg-gallery-thumbnail-box \" >\n\t\t\t\t        <div class=\"ngg-gallery-thumbnail\">\n            <a href=\"https:\/\/www.weldergoven.de\/wp-content\/gallery\/wandertag2012\/100.jpg\"\n               title=\"\"\n               data-src=\"https:\/\/www.weldergoven.de\/wp-content\/gallery\/wandertag2012\/100.jpg\"\n               data-thumbnail=\"https:\/\/www.weldergoven.de\/wp-content\/gallery\/wandertag2012\/thumbs\/thumbs_100.jpg\"\n               data-image-id=\"869\"\n               data-title=\"100\"\n               data-description=\"\"\n               data-image-slug=\"100\"\n               class=\"ngg-fancybox\" rel=\"964d1d2e7555a6b54d9b50ae53fce6ef\">\n                <img\n                    title=\"100\"\n                    alt=\"100\"\n                    src=\"https:\/\/www.weldergoven.de\/wp-content\/gallery\/wandertag2012\/thumbs\/thumbs_100.jpg\"\n                    width=\"100\"\n                    height=\"75\"\n                    style=\"max-width:100%;\"\n                \/>\n            <\/a>\n        <\/div>\n\t\t\t\t\t\t\t<\/div> \n\t\t\t\n\t\t\t\t<div id=\"ngg-image-19\" class=\"ngg-gallery-thumbnail-box \" >\n\t\t\t\t        <div class=\"ngg-gallery-thumbnail\">\n            <a href=\"https:\/\/www.weldergoven.de\/wp-content\/gallery\/wandertag2012\/102.jpg\"\n               title=\"\"\n               data-src=\"https:\/\/www.weldergoven.de\/wp-content\/gallery\/wandertag2012\/102.jpg\"\n               data-thumbnail=\"https:\/\/www.weldergoven.de\/wp-content\/gallery\/wandertag2012\/thumbs\/thumbs_102.jpg\"\n               data-image-id=\"870\"\n               data-title=\"102\"\n               data-description=\"\"\n               data-image-slug=\"102-1\"\n               class=\"ngg-fancybox\" rel=\"964d1d2e7555a6b54d9b50ae53fce6ef\">\n                <img\n                    title=\"102\"\n                    alt=\"102\"\n                    src=\"https:\/\/www.weldergoven.de\/wp-content\/gallery\/wandertag2012\/thumbs\/thumbs_102.jpg\"\n                    width=\"100\"\n                    height=\"75\"\n                    style=\"max-width:100%;\"\n                \/>\n            <\/a>\n        <\/div>\n\t\t\t\t\t\t\t<\/div> \n\t\t\t\n\t\n\t<br style=\"clear: both\" \/>\n\n\t\t<div class=\"slideshowlink\">\n        <a href='https:\/\/www.weldergoven.de\/index.php\/nggallery\/slideshow?p=2064'>[Zeige eine Diashow]<\/a>\n\t\t\n\t<\/div>\n\t\n\t\t<!-- Pagination -->\n\t<div class='ngg-navigation'><span class='current'>1<\/span>\n<a class='page-numbers' data-pageid='2' href='https:\/\/www.weldergoven.de\/index.php\/nggallery\/page\/2?p=2064'>2<\/a>\n<a class='prev' href='https:\/\/www.weldergoven.de\/index.php\/nggallery\/page\/2?p=2064' data-pageid=2>&#9658;<\/a><\/div>\t<\/div>\n\n<h6 style=\"text-align: left;\">Diese Bilder vom Wandertag sind in der Originalqualit\u00e4t bei den Fotografen (\u00fcber den Webmaster) erh\u00e4ltlich.<\/h6>\n<h5><strong><strong>Bericht<\/strong><\/strong><\/h5>\n<p>Auch in diesem Jahr haben wieder mehr als 25 Weldergovener und G\u00e4ste an unserem Wandertag teilgenommen.<\/p>\n<p>Dieses Jahr haben wir die Gelegenheit wahrgenommen und haben \u00fcber den neuen S-Bahn Halt &#8222;Im Siegbogen&#8220; neue Tour-Optionen erschlossen. Entgegen erster Bef\u00fcrchtungen hatten wir dann doch sehr gutes Wetter. Am Morgen noch stark bedeckt und recht frisch, riss ab Mittag die Wolkendecke immer mehr auf. Es wurde dann immer sonniger und w\u00e4rmer, so dass wir unseren Abschlu\u00df auf dem Scheunenvorplatz noch lange Zeit geniessen konnten.<\/p>\n<p>Mit der S-Bahn nach Merten erreichten wir sehr schnell den Einstieg in die 4. Etappe des neuen &#8222;Natursteig Sieg&#8220; (Richtung Ost nach West). Durch das sch\u00f6ne Krabachtal ging es stetig ansteigend nach S\u00fcchterscheid. Hier nutzten wir als Rastpunkt eine gro\u00dfe Runde Sitzecke neben der Kirche, bevor es dann vorbei am Gartenbetrieb H\u00fcsgen &#8211; ehrlich gesagt nicht ganz wie geplant &#8211; zun\u00e4chst \u00fcber Niederbierth und Lescheid, aber dann doch durch das Ahrenbachtal nach Stein weiter ging. Den ph\u00e4nomenalen Blick von den Fischteichen Richtung Burg Blankenberg hatte der ein oder andere Wanderer so bisher noch nicht gesehen.<\/p>\n<p>Strammen Schrittes und das Ziel fast schon im Blick, kehrte die Wandergruppe durch die Siegauen auf bekannten Wegen zur\u00fcck zur Scheune. P\u00fcnktlich gegen 15 Uhr konnten wir dank inzwischen herrlichen Sonnenscheins noch \u00fcber 2 Stunden gemeinsam auf dem Scheuenvorplatz sitzen. Das gemeinsam erstellte Buffet mit selbstgemachten Salaten, Frikadellen, Kuchen und erfrischende Getr\u00e4nken hatte sich die Wandergruppe auch redlich verdient. Fast 18km Wanderstrecke haben wir an diesem sch\u00f6nen, gemeinsamen Tag zur\u00fcckgelegt.<\/p>\n<p>Am Ende pr\u00e4sentierte Michael Royer noch ein selbstgebasteltes Modell unserer Dorfscheune. Es soll f\u00fcr eine Spendenaktion zur dringend notwendigen, aber sehr teuren, Renovierung unser sch\u00f6nen Dorfscheune zum Einsatz kommen. Nach 20 Jahren ist die Fassade der Dorfscheune doch in die Jahre gekommen und Instandsetzungsarbeiten werden zwingend erforderlich. Mehr zur Spendenaktion sp\u00e4ter an dieser und anderer Stelle.<\/p>\n<p>Wir alle freuen uns schon auf den Wandertag im n\u00e4chsten Jahr.<\/p>\n<p>Eure IGW Wanderf\u00fchrer<\/p>\n<p><strong><a title=\"Mail an Georg Bruntz\" href=\"mailto:georg.bruntz@weldergoven.de\">Georg Bruntz<\/a><br \/>\n<a title=\"Mail an Michael Schmitz\" href=\"mailto:michael.schmitz@weldergoven.de\">Michael Schmitz<\/a><\/strong><\/p>\n","protected":false},"excerpt":{"rendered":"<p>Tourbeschreibung Die diesj\u00e4hrige Tour f\u00fchrte uns \u00fcber eine Teilstrecke des neuen Natursteig Sieg von Merten \u00fcber Blankenberg und dann zur\u00fcck nach Weldergoven. mit der S-Bahn nach Merten durch das Krabachtal <a class=\"more-link\" href=\"https:\/\/www.weldergoven.de\/?p=2064\">Continue Reading &amp;amp;amp;amp;amp;rarr;<\/a><\/p>\n","protected":false},"author":6,"featured_media":0,"comment_status":"closed","ping_status":"closed","sticky":false,"template":"","format":"standard","meta":{"ngg_post_thumbnail":0,"footnotes":""},"categories":[3],"tags":[10],"class_list":["post-2064","post","type-post","status-publish","format-standard","hentry","category-berichte","tag-wandertag"],"_links":{"self":[{"href":"https:\/\/www.weldergoven.de\/index.php?rest_route=\/wp\/v2\/posts\/2064","targetHints":{"allow":["GET"]}}],"collection":[{"href":"https:\/\/www.weldergoven.de\/index.php?rest_route=\/wp\/v2\/posts"}],"about":[{"href":"https:\/\/www.weldergoven.de\/index.php?rest_route=\/wp\/v2\/types\/post"}],"author":[{"embeddable":true,"href":"https:\/\/www.weldergoven.de\/index.php?rest_route=\/wp\/v2\/users\/6"}],"replies":[{"embeddable":true,"href":"https:\/\/www.weldergoven.de\/index.php?rest_route=%2Fwp%2Fv2%2Fcomments&post=2064"}],"version-history":[{"count":11,"href":"https:\/\/www.weldergoven.de\/index.php?rest_route=\/wp\/v2\/posts\/2064\/revisions"}],"predecessor-version":[{"id":3176,"href":"https:\/\/www.weldergoven.de\/index.php?rest_route=\/wp\/v2\/posts\/2064\/revisions\/3176"}],"wp:attachment":[{"href":"https:\/\/www.weldergoven.de\/index.php?rest_route=%2Fwp%2Fv2%2Fmedia&parent=2064"}],"wp:term":[{"taxonomy":"category","embeddable":true,"href":"https:\/\/www.weldergoven.de\/index.php?rest_route=%2Fwp%2Fv2%2Fcategories&post=2064"},{"taxonomy":"post_tag","embeddable":true,"href":"https:\/\/www.weldergoven.de\/index.php?rest_route=%2Fwp%2Fv2%2Ftags&post=2064"}],"curies":[{"name":"wp","href":"https:\/\/api.w.org\/{rel}","templated":true}]}}