{"id":1970,"date":"2012-03-30T18:43:12","date_gmt":"2012-03-30T17:43:12","guid":{"rendered":"http:\/\/www.weldergoven.de\/?p=1970"},"modified":"2012-03-31T08:06:51","modified_gmt":"2012-03-31T07:06:51","slug":"neuer-igw-vorstand-jahreshauptversammlung-2012","status":"publish","type":"post","link":"https:\/\/www.weldergoven.de\/?p=1970","title":{"rendered":"Neuer IGW-Vorstand &#8211; Jahreshauptversammlung 2012"},"content":{"rendered":"<h5><strong>Liebe IGW&#8217;ler, liebe Weldergovener.<br \/>\n<\/strong><\/h5>\n<p>Die diesj\u00e4hrige Jahreshauptversammlung stand ganz im Zeichen der Neuwahlen des Vorstands.<\/p>\n<p>Bereits fast 1 Jahr vor der diesj\u00e4hrigen Jahreshauptversammlung der IGW\u00a0 am 23. M\u00e4rz haben der langj\u00e4hrige Vorstandsvorsitzende Peter Noll (8 Jahre als Vorsitzender) und der Schriftf\u00fchrer Markus R\u00f6hrl (6 Jahre als Schriftf\u00fchrer) angek\u00fcndigt nicht mehr f\u00fcr den gesch\u00e4ftsf\u00fchrenden Vorstand zu kandidieren.<br \/>\n<!--more--><br \/>\n<span style=\"color: #3366ff;\"><strong>Lieber Peter, lieber Markus,<\/strong><\/span><\/p>\n<p><span style=\"color: #3366ff;\"><strong>vielen Dank f\u00fcr Eurer tolles Engagement f\u00fcr die IGW und f\u00fcr Weldergoven. Ihr habt in den zur\u00fcckliegenden\u00a0 Jahren zusammen mit dem Vorstandsteam und den zahlreichen Helfern immer wieder viele tolle Aktivit\u00e4ten auf die Beine gestellt, aber auch die manchmal l\u00e4stigen Routineaufgaben mit Bravour und erfolgreich geleistet. Sch\u00f6n, dass Ihr uns noch als Beisitzer weiterhin unterst\u00fctzt.<\/strong><\/span><\/p>\n<p><span style=\"color: #3366ff;\"><strong>Vielen Dank auch an Klaus Rosendahl und Andreas Bopp, die beide im Rahmen Ihrer langj\u00e4hrigen T\u00e4tigkeit im erweiterten Vorstand als Beisitzer immer wieder sehr viel Zeit investiert haben und der IGW stets eine wertvolle Unterst\u00fctzung waren. Vielen Dank auch an Oliver Neis f\u00fcr Deine Untert\u00fctzung in den letzten 2 Jahren als Beisitzer. Alle 3 geh\u00f6ren jetzt nicht mehr dem erweiterten Vorstand an &#8211; bei der ein oder anderen Aktion steht Ihr sicher weiter hilfreich zur Seite. <\/strong><\/span><\/p>\n<p style=\"text-align: center;\">            \n\t\t<div class=\"ngg-gallery-singlepic-image ngg-center\" style=\"max-width: 572px\">\n\t\t\t    \t<a href=\"https:\/\/www.weldergoven.de\/wp-content\/gallery\/personen\/igwvorstand2011web.jpg\"\n\t\t     title=\"\"\n             data-src=\"https:\/\/www.weldergoven.de\/wp-content\/gallery\/personen\/igwvorstand2011web.jpg\"\n             data-thumbnail=\"https:\/\/www.weldergoven.de\/wp-content\/gallery\/personen\/thumbs\/thumbs_igwvorstand2011web.jpg\"\n             data-image-id=\"847\"\n             data-title=\"igwvorstand2011web\"\n             data-description=\"\"\n             target='_self'\n             class=\"ngg-fancybox\" rel=\"833be1a744cc7f485a737a40c8062f79\">\n            <img class=\"ngg-singlepic\"\n             src=\"https:\/\/www.weldergoven.de\/wp-content\/gallery\/personen\/cache\/igwvorstand2011web.jpg-nggid03847-ngg0dyn-572x350x100-00f0w010c010r110f110r010t010.jpg\"\n             alt=\"igwvorstand2011web\"\n             title=\"igwvorstand2011web\"\n              width=\"572\"               \/>\n    \t<\/a>\n\t\t      <\/div>\n        <\/p>\n<h6 style=\"text-align: center;\">Der alte IGW-Vorstand<\/h6>\n<p>Carmen Weber, unsere bisherige 2. Vorsitzende und jetzt 1. Vorsitzende, und Marion Walterscheid als 1. Kassiererin bilden ab sofort zusammen mit Michael Schmitz als neuer Schriftf\u00fchrer den nun neuen gesch\u00e4ftsf\u00fchrenden Vorstand der IGW (Anm.: als Vorg\u00e4nger von Markus und ehemaliger Schriftf\u00fchrer kehre ich nun wieder zur\u00fcck in den Vorstand).<\/p>\n<p style=\"text-align: center;\">            \n\t\t<div class=\"ngg-gallery-singlepic-image ngg-center\" style=\"max-width: 572px\">\n\t\t\t    \t<a href=\"https:\/\/www.weldergoven.de\/wp-content\/gallery\/personen\/igwvorstand2012web.jpg\"\n\t\t     title=\"\"\n             data-src=\"https:\/\/www.weldergoven.de\/wp-content\/gallery\/personen\/igwvorstand2012web.jpg\"\n             data-thumbnail=\"https:\/\/www.weldergoven.de\/wp-content\/gallery\/personen\/thumbs\/thumbs_igwvorstand2012web.jpg\"\n             data-image-id=\"848\"\n             data-title=\"igwvorstand2012web\"\n             data-description=\"\"\n             target='_self'\n             class=\"ngg-fancybox\" rel=\"6bbd73a6485546e06394f874609216f3\">\n            <img class=\"ngg-singlepic\"\n             src=\"https:\/\/www.weldergoven.de\/wp-content\/gallery\/personen\/cache\/igwvorstand2012web.jpg-nggid03848-ngg0dyn-572x366x100-00f0w010c010r110f110r010t010.jpg\"\n             alt=\"igwvorstand2012web\"\n             title=\"igwvorstand2012web\"\n              width=\"572\"               \/>\n    \t<\/a>\n\t\t      <\/div>\n        <\/p>\n<h6 style=\"text-align: center;\">Der neue IGW-Vorstand<\/h6>\n<p>Die JHV stand auch ansonsten im Zeichen der Neuwahlen an deren Ende ein neu zusammengestelltes Vorstandsteam mit \u00fcber 20 Beisitzern im erweiterten Vorstand immer einstimmig von den Teilnehmern gew\u00e4hlt wurde. Insbesondere erfreulich ist auch, dass mit Niklas Noll (19), Lars Schmitz (18) und Tim Walterscheid (18) auch 3 noch ganz junge Mitglieder sich zuk\u00fcnftig f\u00fcr die IGW engagieren.<br \/>\nDer neue gesch\u00e4ftsf\u00fchrende Vorstand geht als Trio an den Start, da wir f\u00fcr einen vierten Vorstandsposten kein weiteres Mitglied gefunden haben. Weitere Nachwuchshoffnungen ergeben sich aber aus der gro\u00dfen Anzahl der Beisitzer.<br \/>\nAlte und neue Beisitzer sind: Marion Bopp, Alexander Gerardi, Klaus Heyer, Heinz Lindlar, Michael Royer, Sabine Schmitz, Wolfgang Schneider . Neue Beisitzer:  Manuela D\u00f6lz, Bernhard Frank, Sandra J\u00e4schke, Guido K\u00fcmpel, Niklas Noll, Larissa Raithel, Dirk Schl\u00f6mer, Melanie Stiegemann, Birgit Schmidt-Menser, Lars Schmitz, Edith Uwira, Tim Walterscheid sowie Peter Noll, Markus R\u00f6hrl die weiterhin als Beisitzer \u201emitmischen\u201c.<\/p>\n<p>Vorgestellt wurde neben den Berichten zum Jubil\u00e4umsjahr 2011 mit 40 Jahre IGW, 20 Jahre Dorfscheune und 10 Jahre IGW im Internet auch ein Ausblick auf das vielf\u00e4ltige Programm in 2012 u.a. mit dem 1. Mai Wandertag, dem 3. Gassenflohmarkt im Rahmen von \u201eSiegtal pur\u201c, dem Scheunenfest, dem Martinszug und einem geplanten Weihnachtsbasar. Alle Veranstaltungstermine stehen auch <a href=\"https:\/\/www.weldergoven.de\/?page_id=17\">hier<\/a>.<\/p>\n<p>Eine wichtige Entscheidung durch die Mitgliederversammlung war auch, die R\u00fcckgabe der Betreuung des Spiel- und Bolzplatz an der Sieg an die Stadt Hennef. Viele Vorstandsmitglieder und weitere Helfer haben in den vergangenen Jahren viel Zeit und M\u00fchen investiert um den Spielplatz in Schu\u00df zu halten, alte Spielger\u00e4te Instand zu setzen und auch neue Spielger\u00e4te aufzubauen. Jetzt sehen wir uns leider nicht mehr in der Lage, den Spielplatz weiter zu betreuen, weil Hochwasser und fehlende helfende  Elternschaft j\u00fcngerer Kinder uns Probleme bereiten eine gepflegte und sicher Anlage zu erhalten. Wir bedauern diesen Schritt sehr, aber nach ausf\u00fchrlichen Diskussionen im Vorstand und auf unserer Jahreshauptversammlung gehen wir nun diesen Schritt.<\/p>\n<p><span class=\"pdfdoc\"><a title=\"Protokoll als PDF ansehen\" href=\"https:\/\/www.weldergoven.de\/wp-content\/uploads\/PDFs\/ProtokollJahreshauptversammlung2012.pdf\" rel=\"width:900,height:750\"  target=\"_blank\" class=\"wmp\" id=\"wmp1\">Protokoll als PDF ansehen<\/a><\/span><\/p>\n","protected":false},"excerpt":{"rendered":"<p>Liebe IGW&#8217;ler, liebe Weldergovener. Die diesj\u00e4hrige Jahreshauptversammlung stand ganz im Zeichen der Neuwahlen des Vorstands. Bereits fast 1 Jahr vor der diesj\u00e4hrigen Jahreshauptversammlung der IGW\u00a0 am 23. M\u00e4rz haben der <a class=\"more-link\" href=\"https:\/\/www.weldergoven.de\/?p=1970\">Continue Reading &amp;amp;amp;amp;amp;rarr;<\/a><\/p>\n","protected":false},"author":6,"featured_media":0,"comment_status":"closed","ping_status":"closed","sticky":false,"template":"","format":"standard","meta":{"ngg_post_thumbnail":0,"footnotes":""},"categories":[3],"tags":[12],"class_list":["post-1970","post","type-post","status-publish","format-standard","hentry","category-berichte","tag-vorstand"],"_links":{"self":[{"href":"https:\/\/www.weldergoven.de\/index.php?rest_route=\/wp\/v2\/posts\/1970","targetHints":{"allow":["GET"]}}],"collection":[{"href":"https:\/\/www.weldergoven.de\/index.php?rest_route=\/wp\/v2\/posts"}],"about":[{"href":"https:\/\/www.weldergoven.de\/index.php?rest_route=\/wp\/v2\/types\/post"}],"author":[{"embeddable":true,"href":"https:\/\/www.weldergoven.de\/index.php?rest_route=\/wp\/v2\/users\/6"}],"replies":[{"embeddable":true,"href":"https:\/\/www.weldergoven.de\/index.php?rest_route=%2Fwp%2Fv2%2Fcomments&post=1970"}],"version-history":[{"count":30,"href":"https:\/\/www.weldergoven.de\/index.php?rest_route=\/wp\/v2\/posts\/1970\/revisions"}],"predecessor-version":[{"id":1975,"href":"https:\/\/www.weldergoven.de\/index.php?rest_route=\/wp\/v2\/posts\/1970\/revisions\/1975"}],"wp:attachment":[{"href":"https:\/\/www.weldergoven.de\/index.php?rest_route=%2Fwp%2Fv2%2Fmedia&parent=1970"}],"wp:term":[{"taxonomy":"category","embeddable":true,"href":"https:\/\/www.weldergoven.de\/index.php?rest_route=%2Fwp%2Fv2%2Fcategories&post=1970"},{"taxonomy":"post_tag","embeddable":true,"href":"https:\/\/www.weldergoven.de\/index.php?rest_route=%2Fwp%2Fv2%2Ftags&post=1970"}],"curies":[{"name":"wp","href":"https:\/\/api.w.org\/{rel}","templated":true}]}}